{"id":162,"date":"2017-07-05T14:30:17","date_gmt":"2017-07-05T12:30:17","guid":{"rendered":"http:\/\/www.iisqsellabiella.it\/erasmusplus\/?p=162"},"modified":"2019-02-28T10:58:11","modified_gmt":"2019-02-28T09:58:11","slug":"newsbiella-young-giovedi-08-giugno-2017-biella-a-lezione-di-robotica-alliis-q-sella-con-erasmus-plus-fotogallery","status":"publish","type":"post","link":"https:\/\/erasmusplus.itis.biella.it\/erasmusplus\/2017\/07\/05\/newsbiella-young-giovedi-08-giugno-2017-biella-a-lezione-di-robotica-alliis-q-sella-con-erasmus-plus-fotogallery\/","title":{"rendered":"NEWSBIELLA YOUNG  GIOVED\u00cc 08 GIUGNO 2017: Biella: A lezione di robotica, all\u2019IIS \u201cQ. Sella\u201d con Erasmus Plus FOTOGALLERY"},"content":{"rendered":"<div class=\"news-single-content\">\n<h1>Biella: A lezione di robotica, all\u2019IIS \u201cQ. Sella\u201d con Erasmus Plus FOTOGALLERY<\/h1>\n<div class=\"a2a_kit a2a_kit_size_32 a2a_default_style\">&nbsp;<\/div>\n<div class=\"news-single-image\"><a href=\"http:\/\/www.newsbiella.it\/typo3temp\/pics\/I_8ff1930beb.jpg\" rel=\"lightbox[lb1145428]\"><img loading=\"lazy\" decoding=\"async\" title=\"\" src=\"http:\/\/www.newsbiella.it\/typo3temp\/pics\/I_72ee4bf87a.jpg\" alt=\"\" width=\"480\" height=\"320\" border=\"0\"><\/a><\/div>\n<div class=\"phpads_container\">&nbsp;<\/div>\n<p>Si pensa spesso alla scuola come un luogo deputato solo allo studio sui banchi, alle prese magari con programmi obsoleti e volendo anche noiosi. Ma al di l\u00e0 di questo stereotipo, la scuola, in particolare l&#8217;IIS \u201cQ. Sella\u201d, \u00e8 sede e promotore di progetti che relazionano scuola e lavoro o promuovono la piena partecipazione a iniziative e concorsi di livello internazionale.<\/p>\n<p>\u00c8 il caso del progetto Erasmus Plus \u201cScaling up inclusion: robotics, a STEM focused project\u201d portato avanti dall&#8217;IIS Q. Sella: obiettivo principale l\u2019utilizzo della tecnologia &#8211;&nbsp;in particolare la robotica &#8211;&nbsp;per migliorare l&#8217;insegnamento e l&#8217;apprendimento delle discipline scientifico-tecnologiche (STEM \u2013 Science, Technology, Engineering and Mathematics); \u00e8 rivolto sia a studenti sia a insegnanti ed \u00e8 finalizzato alla produzione di una guida, una serie di tutorial specifici per ogni disciplina che condurr\u00e0 alla creazione di un vero robot; inoltre, la lingua veicolare del percorso sar\u00e0 l\u2019inglese.<\/p>\n<p>Legato a questo progetto di respiro internazionale, nella settimana dal 22 al 26 maggio, hanno soggiornato a Biella ragazzi provenienti da Spagna, Turchia, Portogallo, Croazia, coinvolti in prima persona a tale opera. Gli studenti dell\u2019IIS \u201cQ. Sella\u201d e gli studenti stranieri, nell\u2019arco della settimana, hanno potuto confrontarsi e condividere esperienze ed attivit\u00e0 inerenti al progetto di lavoro.<\/p>\n<\/div>\n<div class=\"news_single_gallery\">\n<div class=\"news_single_gallery_el\"><a href=\"http:\/\/www.newsbiella.it\/typo3temp\/pics\/I_d3bb9afd1d.jpg\" rel=\"lightbox[lb1145428]\"><img loading=\"lazy\" decoding=\"async\" title=\"\" src=\"http:\/\/www.newsbiella.it\/typo3temp\/pics\/I_6129cad9c4.jpg\" alt=\"\" width=\"320\" height=\"213\" border=\"0\"><\/a><\/div>\n<div class=\"news_single_gallery_el\"><a href=\"http:\/\/www.newsbiella.it\/typo3temp\/pics\/I_e33b8fd2ff.jpg\" rel=\"lightbox[lb1145428]\"><img loading=\"lazy\" decoding=\"async\" title=\"\" src=\"http:\/\/www.newsbiella.it\/typo3temp\/pics\/I_786cb5094e.jpg\" alt=\"\" width=\"320\" height=\"213\" border=\"0\"><\/a><\/div>\n<div class=\"news_single_gallery_el\"><a href=\"http:\/\/www.newsbiella.it\/typo3temp\/pics\/I_0b50ebf9a0.jpg\" rel=\"lightbox[lb1145428]\"><img loading=\"lazy\" decoding=\"async\" title=\"\" src=\"http:\/\/www.newsbiella.it\/typo3temp\/pics\/I_fe04376814.jpg\" alt=\"\" width=\"320\" height=\"213\" border=\"0\"><\/a><\/div>\n<div class=\"news_single_gallery_el\"><a href=\"http:\/\/www.newsbiella.it\/typo3temp\/pics\/I_31f9a2272b.jpg\" rel=\"lightbox[lb1145428]\"><img loading=\"lazy\" decoding=\"async\" title=\"\" src=\"http:\/\/www.newsbiella.it\/typo3temp\/pics\/I_0ee5b6de1b.jpg\" alt=\"\" width=\"320\" height=\"213\" border=\"0\"><\/a><\/div>\n<div class=\"news_single_gallery_el\"><a href=\"http:\/\/www.newsbiella.it\/typo3temp\/pics\/I_fd0c5e51bc.jpg\" rel=\"lightbox[lb1145428]\"><img loading=\"lazy\" decoding=\"async\" title=\"\" src=\"http:\/\/www.newsbiella.it\/typo3temp\/pics\/I_8c16925bd2.jpg\" alt=\"\" width=\"320\" height=\"240\" border=\"0\"><\/a><\/div>\n<div class=\"news_single_gallery_el\"><a href=\"http:\/\/www.newsbiella.it\/typo3temp\/pics\/I_86a4d9cfc9.jpg\" rel=\"lightbox[lb1145428]\"><img loading=\"lazy\" decoding=\"async\" title=\"\" src=\"http:\/\/www.newsbiella.it\/typo3temp\/pics\/I_ad18b7adb5.jpg\" alt=\"\" width=\"320\" height=\"240\" border=\"0\"><\/a><\/div>\n<div class=\"news_single_gallery_el\"><a href=\"http:\/\/www.newsbiella.it\/typo3temp\/pics\/I_2fed17dd16.jpg\" rel=\"lightbox[lb1145428]\"><img loading=\"lazy\" decoding=\"async\" title=\"\" src=\"http:\/\/www.newsbiella.it\/typo3temp\/pics\/I_738b1b31bc.jpg\" alt=\"\" width=\"320\" height=\"240\" border=\"0\"><\/a><\/div>\n<div class=\"news_single_gallery_el\"><a href=\"http:\/\/www.newsbiella.it\/typo3temp\/pics\/I_2d4b44c6bb.jpg\" rel=\"lightbox[lb1145428]\"><img loading=\"lazy\" decoding=\"async\" title=\"\" src=\"http:\/\/www.newsbiella.it\/typo3temp\/pics\/I_f619ea6400.jpg\" alt=\"\" width=\"320\" height=\"213\" border=\"0\"><\/a><\/div>\n<div class=\"news_single_gallery_el\"><a href=\"http:\/\/www.newsbiella.it\/typo3temp\/pics\/I_59b70b0ccd.jpg\" rel=\"lightbox[lb1145428]\"><img loading=\"lazy\" decoding=\"async\" title=\"\" src=\"http:\/\/www.newsbiella.it\/typo3temp\/pics\/I_e957444605.jpg\" alt=\"\" width=\"320\" height=\"213\" border=\"0\"><\/a><\/div>\n<div class=\"news_single_gallery_el\"><a href=\"http:\/\/www.newsbiella.it\/typo3temp\/pics\/I_3d7af311a7.jpg\" rel=\"lightbox[lb1145428]\"><img loading=\"lazy\" decoding=\"async\" title=\"\" src=\"http:\/\/www.newsbiella.it\/typo3temp\/pics\/I_2670cd4be9.jpg\" alt=\"\" width=\"320\" height=\"213\" border=\"0\"><\/a><\/div>\n<\/div>\n<p class=\"news-single-author\">Arianna Toeschi e Lorenzo Pelle, 3\u00b0C LSSA<\/p>\n<p class=\"news-single-author\"><a href=\"http:\/\/www.newsbiella.it\/2017\/06\/08\/mobile\/leggi-notizia\/argomenti\/newsbiella-young\/articolo\/biella-a-lezione-di-robotica-alliis-q-sella-con-erasmus-plus-fotogallery.html\" target=\"_blank\" rel=\"noopener noreferrer\">Vedi l&#8217;originale<\/a><\/p>\n","protected":false},"excerpt":{"rendered":"<p>Biella: A lezione di robotica, all\u2019IIS \u201cQ. Sella\u201d con Erasmus Plus FOTOGALLERY &nbsp; &nbsp; Si pensa spesso alla scuola come un luogo deputato solo allo studio sui banchi, alle prese magari con programmi obsoleti e volendo anche noiosi. Ma al di l\u00e0 di questo stereotipo, la scuola, in particolare l&#8217;IIS \u201cQ. Sella\u201d, \u00e8 sede e [&hellip;]<\/p>\n","protected":false},"author":1,"featured_media":0,"comment_status":"open","ping_status":"open","sticky":false,"template":"","format":"standard","meta":{"_et_pb_use_builder":"","_et_pb_old_content":"","_et_gb_content_width":"","ngg_post_thumbnail":0,"footnotes":""},"categories":[7],"tags":[],"class_list":["post-162","post","type-post","status-publish","format-standard","hentry","category-press-scaling-up","et-doesnt-have-format-content","et_post_format-et-post-format-standard"],"_links":{"self":[{"href":"https:\/\/erasmusplus.itis.biella.it\/erasmusplus\/wp-json\/wp\/v2\/posts\/162","targetHints":{"allow":["GET"]}}],"collection":[{"href":"https:\/\/erasmusplus.itis.biella.it\/erasmusplus\/wp-json\/wp\/v2\/posts"}],"about":[{"href":"https:\/\/erasmusplus.itis.biella.it\/erasmusplus\/wp-json\/wp\/v2\/types\/post"}],"author":[{"embeddable":true,"href":"https:\/\/erasmusplus.itis.biella.it\/erasmusplus\/wp-json\/wp\/v2\/users\/1"}],"replies":[{"embeddable":true,"href":"https:\/\/erasmusplus.itis.biella.it\/erasmusplus\/wp-json\/wp\/v2\/comments?post=162"}],"version-history":[{"count":2,"href":"https:\/\/erasmusplus.itis.biella.it\/erasmusplus\/wp-json\/wp\/v2\/posts\/162\/revisions"}],"predecessor-version":[{"id":1142,"href":"https:\/\/erasmusplus.itis.biella.it\/erasmusplus\/wp-json\/wp\/v2\/posts\/162\/revisions\/1142"}],"wp:attachment":[{"href":"https:\/\/erasmusplus.itis.biella.it\/erasmusplus\/wp-json\/wp\/v2\/media?parent=162"}],"wp:term":[{"taxonomy":"category","embeddable":true,"href":"https:\/\/erasmusplus.itis.biella.it\/erasmusplus\/wp-json\/wp\/v2\/categories?post=162"},{"taxonomy":"post_tag","embeddable":true,"href":"https:\/\/erasmusplus.itis.biella.it\/erasmusplus\/wp-json\/wp\/v2\/tags?post=162"}],"curies":[{"name":"wp","href":"https:\/\/api.w.org\/{rel}","templated":true}]}}